{"id":7131,"date":"2021-04-01T18:12:46","date_gmt":"2021-04-01T18:12:46","guid":{"rendered":"http:\/\/cantravinou.com\/?p=7131"},"modified":"2022-02-14T17:09:25","modified_gmt":"2022-02-14T17:09:25","slug":"el-director-soto-se-jubila","status":"publish","type":"post","link":"https:\/\/cantravinou.com\/es\/el-director-soto-se-jubila\/","title":{"rendered":"El director Soto se jubila"},"content":{"rendered":"<p>Despu\u00e9s de 34 a\u00f1os al mando del restaurante llega su jubilaci\u00f3n, m\u00e1s que merecida.\u00a1Le deseamos lo mejor en esta nueva etapa!<\/p>\n","protected":false},"excerpt":{"rendered":"<p>Despu\u00e9s de 34 a\u00f1os al mando del restaurante llega su jubilaci\u00f3n, m\u00e1s que merecida.\u00a1Le deseamos lo mejor en esta nueva etapa!<\/p>\n","protected":false},"author":1,"featured_media":7330,"comment_status":"open","ping_status":"open","sticky":false,"template":"","format":"standard","meta":{"footnotes":""},"categories":[1],"tags":[],"class_list":["post-7131","post","type-post","status-publish","format-standard","has-post-thumbnail","hentry","category-noticias"],"yoast_head":"<!-- This site is optimized with the Yoast SEO plugin v27.5 - https:\/\/yoast.com\/product\/yoast-seo-wordpress\/ -->\n<title>El director Soto se jubila - Can Travi Nou<\/title>\n<meta name=\"description\" content=\"Despu\u00e9s de 34 a\u00f1os al mando del restaurante llega su jubilaci\u00f3n, m\u00e1s que merecida. \u00a1Le deseamos lo mejor en esta nueva etapa!\" \/>\n<meta name=\"robots\" content=\"index, follow, max-snippet:-1, max-image-preview:large, max-video-preview:-1\" \/>\n<link rel=\"canonical\" href=\"https:\/\/cantravinou.com\/es\/el-director-soto-se-jubila\/\" \/>\n<meta property=\"og:locale\" content=\"es_ES\" \/>\n<meta property=\"og:type\" content=\"article\" \/>\n<meta property=\"og:title\" content=\"Llega su jubilaci\u00f3n\" \/>\n<meta property=\"og:description\" content=\"Despu\u00e9s de 34 a\u00f1os al mando del restaurante llega su jubilaci\u00f3n, m\u00e1s que merecida. \u00a1Le deseamos lo mejor en esta nueva etapa!\" \/>\n<meta property=\"og:url\" content=\"https:\/\/cantravinou.com\/es\/el-director-soto-se-jubila\/\" \/>\n<meta property=\"og:site_name\" content=\"Can Travi Nou\" \/>\n<meta property=\"article:publisher\" content=\"https:\/\/www.facebook.com\/cantravinou\/\" \/>\n<meta property=\"article:published_time\" content=\"2021-04-01T18:12:46+00:00\" \/>\n<meta property=\"article:modified_time\" content=\"2022-02-14T17:09:25+00:00\" \/>\n<meta property=\"og:image\" content=\"https:\/\/cantravinou.com\/wp-content\/uploads\/2021\/04\/jubilacion-soto.jpg\" \/>\n\t<meta property=\"og:image:width\" content=\"1191\" \/>\n\t<meta property=\"og:image:height\" content=\"712\" \/>\n\t<meta property=\"og:image:type\" content=\"image\/jpeg\" \/>\n<meta name=\"author\" content=\"albert\" \/>\n<meta name=\"twitter:card\" content=\"summary_large_image\" \/>\n<meta name=\"twitter:title\" content=\"Llega su jubilaci\u00f3n\" \/>\n<meta name=\"twitter:description\" content=\"Despu\u00e9s de 34 a\u00f1os al mando del restaurante llega su jubilaci\u00f3n, m\u00e1s que merecida. \u00a1Le deseamos lo mejor en esta nueva etapa!\" \/>\n<meta name=\"twitter:image\" content=\"https:\/\/cantravinou.com\/wp-content\/uploads\/2021\/04\/jubilacion-soto.jpg\" \/>\n<meta name=\"twitter:label1\" content=\"Escrito por\" \/>\n\t<meta name=\"twitter:data1\" content=\"albert\" \/>\n<script type=\"application\/ld+json\" class=\"yoast-schema-graph\">{\"@context\":\"https:\\\/\\\/schema.org\",\"@graph\":[{\"@type\":\"Article\",\"@id\":\"https:\\\/\\\/cantravinou.com\\\/es\\\/el-director-soto-se-jubila\\\/#article\",\"isPartOf\":{\"@id\":\"https:\\\/\\\/cantravinou.com\\\/es\\\/el-director-soto-se-jubila\\\/\"},\"author\":{\"name\":\"albert\",\"@id\":\"https:\\\/\\\/cantravinou.com\\\/es\\\/#\\\/schema\\\/person\\\/6e2e6e25c8247f288cea94723514d558\"},\"headline\":\"El director Soto se jubila\",\"datePublished\":\"2021-04-01T18:12:46+00:00\",\"dateModified\":\"2022-02-14T17:09:25+00:00\",\"mainEntityOfPage\":{\"@id\":\"https:\\\/\\\/cantravinou.com\\\/es\\\/el-director-soto-se-jubila\\\/\"},\"wordCount\":30,\"commentCount\":0,\"publisher\":{\"@id\":\"https:\\\/\\\/cantravinou.com\\\/es\\\/#organization\"},\"image\":{\"@id\":\"https:\\\/\\\/cantravinou.com\\\/es\\\/el-director-soto-se-jubila\\\/#primaryimage\"},\"thumbnailUrl\":\"https:\\\/\\\/cantravinou.com\\\/wp-content\\\/uploads\\\/2021\\\/04\\\/jubilacion-soto.jpg\",\"articleSection\":[\"Not\u00edcias\"],\"inLanguage\":\"es\",\"potentialAction\":[{\"@type\":\"CommentAction\",\"name\":\"Comment\",\"target\":[\"https:\\\/\\\/cantravinou.com\\\/es\\\/el-director-soto-se-jubila\\\/#respond\"]}]},{\"@type\":\"WebPage\",\"@id\":\"https:\\\/\\\/cantravinou.com\\\/es\\\/el-director-soto-se-jubila\\\/\",\"url\":\"https:\\\/\\\/cantravinou.com\\\/es\\\/el-director-soto-se-jubila\\\/\",\"name\":\"El director Soto se jubila - Can Travi Nou\",\"isPartOf\":{\"@id\":\"https:\\\/\\\/cantravinou.com\\\/es\\\/#website\"},\"primaryImageOfPage\":{\"@id\":\"https:\\\/\\\/cantravinou.com\\\/es\\\/el-director-soto-se-jubila\\\/#primaryimage\"},\"image\":{\"@id\":\"https:\\\/\\\/cantravinou.com\\\/es\\\/el-director-soto-se-jubila\\\/#primaryimage\"},\"thumbnailUrl\":\"https:\\\/\\\/cantravinou.com\\\/wp-content\\\/uploads\\\/2021\\\/04\\\/jubilacion-soto.jpg\",\"datePublished\":\"2021-04-01T18:12:46+00:00\",\"dateModified\":\"2022-02-14T17:09:25+00:00\",\"description\":\"Despu\u00e9s de 34 a\u00f1os al mando del restaurante llega su jubilaci\u00f3n, m\u00e1s que merecida. \u00a1Le deseamos lo mejor en esta nueva etapa!\",\"breadcrumb\":{\"@id\":\"https:\\\/\\\/cantravinou.com\\\/es\\\/el-director-soto-se-jubila\\\/#breadcrumb\"},\"inLanguage\":\"es\",\"potentialAction\":[{\"@type\":\"ReadAction\",\"target\":[\"https:\\\/\\\/cantravinou.com\\\/es\\\/el-director-soto-se-jubila\\\/\"]}]},{\"@type\":\"ImageObject\",\"inLanguage\":\"es\",\"@id\":\"https:\\\/\\\/cantravinou.com\\\/es\\\/el-director-soto-se-jubila\\\/#primaryimage\",\"url\":\"https:\\\/\\\/cantravinou.com\\\/wp-content\\\/uploads\\\/2021\\\/04\\\/jubilacion-soto.jpg\",\"contentUrl\":\"https:\\\/\\\/cantravinou.com\\\/wp-content\\\/uploads\\\/2021\\\/04\\\/jubilacion-soto.jpg\",\"width\":1191,\"height\":712},{\"@type\":\"BreadcrumbList\",\"@id\":\"https:\\\/\\\/cantravinou.com\\\/es\\\/el-director-soto-se-jubila\\\/#breadcrumb\",\"itemListElement\":[{\"@type\":\"ListItem\",\"position\":1,\"name\":\"Portada\",\"item\":\"https:\\\/\\\/cantravinou.com\\\/es\\\/\"},{\"@type\":\"ListItem\",\"position\":2,\"name\":\"El director Soto se jubila\"}]},{\"@type\":\"WebSite\",\"@id\":\"https:\\\/\\\/cantravinou.com\\\/es\\\/#website\",\"url\":\"https:\\\/\\\/cantravinou.com\\\/es\\\/\",\"name\":\"Can Travi Nou\",\"description\":\"\",\"publisher\":{\"@id\":\"https:\\\/\\\/cantravinou.com\\\/es\\\/#organization\"},\"potentialAction\":[{\"@type\":\"SearchAction\",\"target\":{\"@type\":\"EntryPoint\",\"urlTemplate\":\"https:\\\/\\\/cantravinou.com\\\/es\\\/?s={search_term_string}\"},\"query-input\":{\"@type\":\"PropertyValueSpecification\",\"valueRequired\":true,\"valueName\":\"search_term_string\"}}],\"inLanguage\":\"es\"},{\"@type\":\"Organization\",\"@id\":\"https:\\\/\\\/cantravinou.com\\\/es\\\/#organization\",\"name\":\"Can Travi Nou\",\"url\":\"https:\\\/\\\/cantravinou.com\\\/es\\\/\",\"logo\":{\"@type\":\"ImageObject\",\"inLanguage\":\"es\",\"@id\":\"https:\\\/\\\/cantravinou.com\\\/es\\\/#\\\/schema\\\/logo\\\/image\\\/\",\"url\":\"https:\\\/\\\/cantravinou.com\\\/wp-content\\\/uploads\\\/2021\\\/09\\\/logo.png\",\"contentUrl\":\"https:\\\/\\\/cantravinou.com\\\/wp-content\\\/uploads\\\/2021\\\/09\\\/logo.png\",\"width\":203,\"height\":203,\"caption\":\"Can Travi Nou\"},\"image\":{\"@id\":\"https:\\\/\\\/cantravinou.com\\\/es\\\/#\\\/schema\\\/logo\\\/image\\\/\"},\"sameAs\":[\"https:\\\/\\\/www.facebook.com\\\/cantravinou\\\/\",\"https:\\\/\\\/www.instagram.com\\\/cantravinou\\\/\"]},{\"@type\":\"Person\",\"@id\":\"https:\\\/\\\/cantravinou.com\\\/es\\\/#\\\/schema\\\/person\\\/6e2e6e25c8247f288cea94723514d558\",\"name\":\"albert\",\"image\":{\"@type\":\"ImageObject\",\"inLanguage\":\"es\",\"@id\":\"https:\\\/\\\/secure.gravatar.com\\\/avatar\\\/6a26e0e90d552119ce8ed6256d030652fe7af30ab0ef83cf34bd85c328dcc2a6?s=96&d=mm&r=g\",\"url\":\"https:\\\/\\\/secure.gravatar.com\\\/avatar\\\/6a26e0e90d552119ce8ed6256d030652fe7af30ab0ef83cf34bd85c328dcc2a6?s=96&d=mm&r=g\",\"contentUrl\":\"https:\\\/\\\/secure.gravatar.com\\\/avatar\\\/6a26e0e90d552119ce8ed6256d030652fe7af30ab0ef83cf34bd85c328dcc2a6?s=96&d=mm&r=g\",\"caption\":\"albert\"},\"sameAs\":[\"https:\\\/\\\/xaletdemontjuic.bcntic.com\"],\"url\":\"https:\\\/\\\/cantravinou.com\\\/es\\\/author\\\/albert\\\/\"}]}<\/script>\n<!-- \/ Yoast SEO plugin. -->","yoast_head_json":{"title":"El director Soto se jubila - Can Travi Nou","description":"Despu\u00e9s de 34 a\u00f1os al mando del restaurante llega su jubilaci\u00f3n, m\u00e1s que merecida. \u00a1Le deseamos lo mejor en esta nueva etapa!","robots":{"index":"index","follow":"follow","max-snippet":"max-snippet:-1","max-image-preview":"max-image-preview:large","max-video-preview":"max-video-preview:-1"},"canonical":"https:\/\/cantravinou.com\/es\/el-director-soto-se-jubila\/","og_locale":"es_ES","og_type":"article","og_title":"Llega su jubilaci\u00f3n","og_description":"Despu\u00e9s de 34 a\u00f1os al mando del restaurante llega su jubilaci\u00f3n, m\u00e1s que merecida. \u00a1Le deseamos lo mejor en esta nueva etapa!","og_url":"https:\/\/cantravinou.com\/es\/el-director-soto-se-jubila\/","og_site_name":"Can Travi Nou","article_publisher":"https:\/\/www.facebook.com\/cantravinou\/","article_published_time":"2021-04-01T18:12:46+00:00","article_modified_time":"2022-02-14T17:09:25+00:00","og_image":[{"width":1191,"height":712,"url":"https:\/\/cantravinou.com\/wp-content\/uploads\/2021\/04\/jubilacion-soto.jpg","type":"image\/jpeg"}],"author":"albert","twitter_card":"summary_large_image","twitter_title":"Llega su jubilaci\u00f3n","twitter_description":"Despu\u00e9s de 34 a\u00f1os al mando del restaurante llega su jubilaci\u00f3n, m\u00e1s que merecida. \u00a1Le deseamos lo mejor en esta nueva etapa!","twitter_image":"https:\/\/cantravinou.com\/wp-content\/uploads\/2021\/04\/jubilacion-soto.jpg","twitter_misc":{"Escrito por":"albert"},"schema":{"@context":"https:\/\/schema.org","@graph":[{"@type":"Article","@id":"https:\/\/cantravinou.com\/es\/el-director-soto-se-jubila\/#article","isPartOf":{"@id":"https:\/\/cantravinou.com\/es\/el-director-soto-se-jubila\/"},"author":{"name":"albert","@id":"https:\/\/cantravinou.com\/es\/#\/schema\/person\/6e2e6e25c8247f288cea94723514d558"},"headline":"El director Soto se jubila","datePublished":"2021-04-01T18:12:46+00:00","dateModified":"2022-02-14T17:09:25+00:00","mainEntityOfPage":{"@id":"https:\/\/cantravinou.com\/es\/el-director-soto-se-jubila\/"},"wordCount":30,"commentCount":0,"publisher":{"@id":"https:\/\/cantravinou.com\/es\/#organization"},"image":{"@id":"https:\/\/cantravinou.com\/es\/el-director-soto-se-jubila\/#primaryimage"},"thumbnailUrl":"https:\/\/cantravinou.com\/wp-content\/uploads\/2021\/04\/jubilacion-soto.jpg","articleSection":["Not\u00edcias"],"inLanguage":"es","potentialAction":[{"@type":"CommentAction","name":"Comment","target":["https:\/\/cantravinou.com\/es\/el-director-soto-se-jubila\/#respond"]}]},{"@type":"WebPage","@id":"https:\/\/cantravinou.com\/es\/el-director-soto-se-jubila\/","url":"https:\/\/cantravinou.com\/es\/el-director-soto-se-jubila\/","name":"El director Soto se jubila - Can Travi Nou","isPartOf":{"@id":"https:\/\/cantravinou.com\/es\/#website"},"primaryImageOfPage":{"@id":"https:\/\/cantravinou.com\/es\/el-director-soto-se-jubila\/#primaryimage"},"image":{"@id":"https:\/\/cantravinou.com\/es\/el-director-soto-se-jubila\/#primaryimage"},"thumbnailUrl":"https:\/\/cantravinou.com\/wp-content\/uploads\/2021\/04\/jubilacion-soto.jpg","datePublished":"2021-04-01T18:12:46+00:00","dateModified":"2022-02-14T17:09:25+00:00","description":"Despu\u00e9s de 34 a\u00f1os al mando del restaurante llega su jubilaci\u00f3n, m\u00e1s que merecida. \u00a1Le deseamos lo mejor en esta nueva etapa!","breadcrumb":{"@id":"https:\/\/cantravinou.com\/es\/el-director-soto-se-jubila\/#breadcrumb"},"inLanguage":"es","potentialAction":[{"@type":"ReadAction","target":["https:\/\/cantravinou.com\/es\/el-director-soto-se-jubila\/"]}]},{"@type":"ImageObject","inLanguage":"es","@id":"https:\/\/cantravinou.com\/es\/el-director-soto-se-jubila\/#primaryimage","url":"https:\/\/cantravinou.com\/wp-content\/uploads\/2021\/04\/jubilacion-soto.jpg","contentUrl":"https:\/\/cantravinou.com\/wp-content\/uploads\/2021\/04\/jubilacion-soto.jpg","width":1191,"height":712},{"@type":"BreadcrumbList","@id":"https:\/\/cantravinou.com\/es\/el-director-soto-se-jubila\/#breadcrumb","itemListElement":[{"@type":"ListItem","position":1,"name":"Portada","item":"https:\/\/cantravinou.com\/es\/"},{"@type":"ListItem","position":2,"name":"El director Soto se jubila"}]},{"@type":"WebSite","@id":"https:\/\/cantravinou.com\/es\/#website","url":"https:\/\/cantravinou.com\/es\/","name":"Can Travi Nou","description":"","publisher":{"@id":"https:\/\/cantravinou.com\/es\/#organization"},"potentialAction":[{"@type":"SearchAction","target":{"@type":"EntryPoint","urlTemplate":"https:\/\/cantravinou.com\/es\/?s={search_term_string}"},"query-input":{"@type":"PropertyValueSpecification","valueRequired":true,"valueName":"search_term_string"}}],"inLanguage":"es"},{"@type":"Organization","@id":"https:\/\/cantravinou.com\/es\/#organization","name":"Can Travi Nou","url":"https:\/\/cantravinou.com\/es\/","logo":{"@type":"ImageObject","inLanguage":"es","@id":"https:\/\/cantravinou.com\/es\/#\/schema\/logo\/image\/","url":"https:\/\/cantravinou.com\/wp-content\/uploads\/2021\/09\/logo.png","contentUrl":"https:\/\/cantravinou.com\/wp-content\/uploads\/2021\/09\/logo.png","width":203,"height":203,"caption":"Can Travi Nou"},"image":{"@id":"https:\/\/cantravinou.com\/es\/#\/schema\/logo\/image\/"},"sameAs":["https:\/\/www.facebook.com\/cantravinou\/","https:\/\/www.instagram.com\/cantravinou\/"]},{"@type":"Person","@id":"https:\/\/cantravinou.com\/es\/#\/schema\/person\/6e2e6e25c8247f288cea94723514d558","name":"albert","image":{"@type":"ImageObject","inLanguage":"es","@id":"https:\/\/secure.gravatar.com\/avatar\/6a26e0e90d552119ce8ed6256d030652fe7af30ab0ef83cf34bd85c328dcc2a6?s=96&d=mm&r=g","url":"https:\/\/secure.gravatar.com\/avatar\/6a26e0e90d552119ce8ed6256d030652fe7af30ab0ef83cf34bd85c328dcc2a6?s=96&d=mm&r=g","contentUrl":"https:\/\/secure.gravatar.com\/avatar\/6a26e0e90d552119ce8ed6256d030652fe7af30ab0ef83cf34bd85c328dcc2a6?s=96&d=mm&r=g","caption":"albert"},"sameAs":["https:\/\/xaletdemontjuic.bcntic.com"],"url":"https:\/\/cantravinou.com\/es\/author\/albert\/"}]}},"_links":{"self":[{"href":"https:\/\/cantravinou.com\/es\/wp-json\/wp\/v2\/posts\/7131","targetHints":{"allow":["GET"]}}],"collection":[{"href":"https:\/\/cantravinou.com\/es\/wp-json\/wp\/v2\/posts"}],"about":[{"href":"https:\/\/cantravinou.com\/es\/wp-json\/wp\/v2\/types\/post"}],"author":[{"embeddable":true,"href":"https:\/\/cantravinou.com\/es\/wp-json\/wp\/v2\/users\/1"}],"replies":[{"embeddable":true,"href":"https:\/\/cantravinou.com\/es\/wp-json\/wp\/v2\/comments?post=7131"}],"version-history":[{"count":0,"href":"https:\/\/cantravinou.com\/es\/wp-json\/wp\/v2\/posts\/7131\/revisions"}],"wp:featuredmedia":[{"embeddable":true,"href":"https:\/\/cantravinou.com\/es\/wp-json\/wp\/v2\/media\/7330"}],"wp:attachment":[{"href":"https:\/\/cantravinou.com\/es\/wp-json\/wp\/v2\/media?parent=7131"}],"wp:term":[{"taxonomy":"category","embeddable":true,"href":"https:\/\/cantravinou.com\/es\/wp-json\/wp\/v2\/categories?post=7131"},{"taxonomy":"post_tag","embeddable":true,"href":"https:\/\/cantravinou.com\/es\/wp-json\/wp\/v2\/tags?post=7131"}],"curies":[{"name":"wp","href":"https:\/\/api.w.org\/{rel}","templated":true}]}}